{"id":7146,"date":"2023-09-28T14:30:00","date_gmt":"2023-09-28T14:30:00","guid":{"rendered":"https:\/\/lafabrique621.com\/?p=7146"},"modified":"2023-12-15T11:59:05","modified_gmt":"2023-12-15T11:59:05","slug":"les-secrets-de-la-reussite-selon-la-fondatrice-de-la-fabrique-621","status":"publish","type":"post","link":"https:\/\/lafabrique621.com\/en\/les-secrets-de-la-reussite-selon-la-fondatrice-de-la-fabrique-621\/","title":{"rendered":"Les secrets de la r\u00e9ussite selon la Fondatrice de la Fabrique 621"},"content":{"rendered":"<div data-elementor-type=\"wp-post\" data-elementor-id=\"7146\" class=\"elementor elementor-7146\" data-elementor-post-type=\"post\">\n\t\t\t\t<div class=\"elementor-element elementor-element-6fb544f e-flex e-con-boxed e-con e-parent\" data-id=\"6fb544f\" data-element_type=\"container\">\n\t\t\t\t\t<div class=\"e-con-inner\">\n\t\t\t\t<div class=\"elementor-element elementor-element-7055875 elementor-widget elementor-widget-text-editor\" data-id=\"7055875\" data-element_type=\"widget\" data-widget_type=\"text-editor.default\">\n\t\t\t\t<div class=\"elementor-widget-container\">\n\t\t\t\t\t\t\t\t\t<p>Rien ne pr\u00e9destinait Diougou Dram\u00e9 \u00e0 entreprendre dans la cosm\u00e9tique naturelle. La jeune femme a travaill\u00e9 pendant plus de dix ans en strat\u00e9gie financi\u00e8re avant de se reconvertir. C\u2019est la naissance de sa premi\u00e8re fille, en 2012, qui va tout changer. \u201c<em>J\u2019ai pris conscience de ma consommation de produits de soin et d\u2019hygi\u00e8ne. Je ne voulais pas que mon enfant mette des produits dont je ne maitrise pas l\u2019impact<\/em>\u201c, explique-t-elle.<\/p>\t\t\t\t\t\t\t\t<\/div>\n\t\t\t\t<\/div>\n\t\t\t\t\t<\/div>\n\t\t\t\t<\/div>\n\t\t<div class=\"elementor-element elementor-element-10b60f0 e-flex e-con-boxed e-con e-parent\" data-id=\"10b60f0\" data-element_type=\"container\">\n\t\t\t\t\t<div class=\"e-con-inner\">\n\t\t<div class=\"elementor-element elementor-element-d90da67 e-con-full e-flex e-con e-child\" data-id=\"d90da67\" data-element_type=\"container\">\n\t\t<div class=\"elementor-element elementor-element-d7940e3 e-con-full e-flex e-con e-child\" data-id=\"d7940e3\" data-element_type=\"container\">\n\t\t\t\t<div class=\"elementor-element elementor-element-c1fd4d9 elementor-widget elementor-widget-text-editor\" data-id=\"c1fd4d9\" data-element_type=\"widget\" data-widget_type=\"text-editor.default\">\n\t\t\t\t<div class=\"elementor-widget-container\">\n\t\t\t\t\t\t\t\t\t<blockquote><h5>De Pantin \u00e0 Bondy, Diogou Dram\u00e9 s\u2019est fait en quelques ann\u00e9es un nom dans le secteur de la cosm\u00e9tique \u00e9coresponsable.<\/h5><\/blockquote>\t\t\t\t\t\t\t\t<\/div>\n\t\t\t\t<\/div>\n\t\t\t\t<div class=\"elementor-element elementor-element-d755e98 elementor-widget elementor-widget-text-editor\" data-id=\"d755e98\" data-element_type=\"widget\" data-widget_type=\"text-editor.default\">\n\t\t\t\t<div class=\"elementor-widget-container\">\n\t\t\t\t\t\t\t\t\t<p><a href=\"https:\/\/94.citoyens.com\/2023\/a-bondy-la-fabrique-621-de-diogou-drame-trace-son-sillon-dans-la-cosmetique-naturelle,28-09-2023.html\"><strong>En savoir plus\u00a0<\/strong><\/a><\/p>\t\t\t\t\t\t\t\t<\/div>\n\t\t\t\t<\/div>\n\t\t\t\t<\/div>\n\t\t\t\t<\/div>\n\t\t\t\t\t<\/div>\n\t\t\t\t<\/div>\n\t\t\t\t<\/div>","protected":false},"excerpt":{"rendered":"<p>Rien ne pr\u00e9destinait Diougou Dram\u00e9 \u00e0 entreprendre dans la cosm\u00e9tique naturelle. La jeune femme a travaill\u00e9 pendant plus de dix ans en strat\u00e9gie financi\u00e8re avant de se reconvertir. C\u2019est la naissance de sa premi\u00e8re fille, en 2012, qui va tout changer. \u201cJ\u2019ai pris conscience de ma consommation de produits de soin et d\u2019hygi\u00e8ne. Je ne [&hellip;]<\/p>","protected":false},"author":1,"featured_media":7147,"comment_status":"open","ping_status":"open","sticky":false,"template":"","format":"standard","meta":{"content-type":"","footnotes":""},"categories":[98,97],"tags":[99,95],"class_list":["post-7146","post","type-post","status-publish","format-standard","has-post-thumbnail","hentry","category-onparledenous","category-revue-de-presse","tag-onparledenous","tag-revue-de-presse"],"yoast_head":"<!-- This site is optimized with the Yoast SEO Premium plugin v23.9 (Yoast SEO v23.9) - https:\/\/yoast.com\/wordpress\/plugins\/seo\/ -->\n<title>Les secrets de la r\u00e9ussite selon la Fondatrice de la Fabrique 621 - lafabrique621<\/title>\n<meta name=\"robots\" content=\"index, follow, max-snippet:-1, max-image-preview:large, max-video-preview:-1\" \/>\n<link rel=\"canonical\" href=\"https:\/\/lafabrique621.com\/en\/les-secrets-de-la-reussite-selon-la-fondatrice-de-la-fabrique-621\/\" \/>\n<meta property=\"og:locale\" content=\"en_GB\" \/>\n<meta property=\"og:type\" content=\"article\" \/>\n<meta property=\"og:title\" content=\"Les secrets de la r\u00e9ussite selon la Fondatrice de la Fabrique 621\" \/>\n<meta property=\"og:description\" content=\"Rien ne pr\u00e9destinait Diougou Dram\u00e9 \u00e0 entreprendre dans la cosm\u00e9tique naturelle. La jeune femme a travaill\u00e9 pendant plus de dix ans en strat\u00e9gie financi\u00e8re avant de se reconvertir. C\u2019est la naissance de sa premi\u00e8re fille, en 2012, qui va tout changer. \u201cJ\u2019ai pris conscience de ma consommation de produits de soin et d\u2019hygi\u00e8ne. Je ne [&hellip;]\" \/>\n<meta property=\"og:url\" content=\"https:\/\/lafabrique621.com\/en\/les-secrets-de-la-reussite-selon-la-fondatrice-de-la-fabrique-621\/\" \/>\n<meta property=\"og:site_name\" content=\"lafabrique621\" \/>\n<meta property=\"article:publisher\" content=\"https:\/\/www.facebook.com\/fab621\" \/>\n<meta property=\"article:published_time\" content=\"2023-09-28T14:30:00+00:00\" \/>\n<meta property=\"article:modified_time\" content=\"2023-12-15T11:59:05+00:00\" \/>\n<meta property=\"og:image\" content=\"https:\/\/lafabrique621.com\/wp-content\/uploads\/2023\/11\/94citoyens.webp\" \/>\n\t<meta property=\"og:image:width\" content=\"225\" \/>\n\t<meta property=\"og:image:height\" content=\"225\" \/>\n\t<meta property=\"og:image:type\" content=\"image\/webp\" \/>\n<meta name=\"author\" content=\"lafabrique621\" \/>\n<meta name=\"twitter:card\" content=\"summary_large_image\" \/>\n<meta name=\"twitter:label1\" content=\"Written by\" \/>\n\t<meta name=\"twitter:data1\" content=\"lafabrique621\" \/>\n\t<meta name=\"twitter:label2\" content=\"Estimated reading time\" \/>\n\t<meta name=\"twitter:data2\" content=\"1 minute\" \/>\n<script type=\"application\/ld+json\" class=\"yoast-schema-graph\">{\"@context\":\"https:\/\/schema.org\",\"@graph\":[{\"@type\":\"Article\",\"@id\":\"https:\/\/lafabrique621.com\/en\/les-secrets-de-la-reussite-selon-la-fondatrice-de-la-fabrique-621\/#article\",\"isPartOf\":{\"@id\":\"https:\/\/lafabrique621.com\/en\/les-secrets-de-la-reussite-selon-la-fondatrice-de-la-fabrique-621\/\"},\"author\":{\"name\":\"lafabrique621\",\"@id\":\"https:\/\/lafabrique621.com\/en\/#\/schema\/person\/f10650586c29ba1013dbdf19bc7e1199\"},\"headline\":\"Les secrets de la r\u00e9ussite selon la Fondatrice de la Fabrique 621\",\"datePublished\":\"2023-09-28T14:30:00+00:00\",\"dateModified\":\"2023-12-15T11:59:05+00:00\",\"mainEntityOfPage\":{\"@id\":\"https:\/\/lafabrique621.com\/en\/les-secrets-de-la-reussite-selon-la-fondatrice-de-la-fabrique-621\/\"},\"wordCount\":115,\"commentCount\":0,\"publisher\":{\"@id\":\"https:\/\/lafabrique621.com\/en\/#organization\"},\"image\":{\"@id\":\"https:\/\/lafabrique621.com\/en\/les-secrets-de-la-reussite-selon-la-fondatrice-de-la-fabrique-621\/#primaryimage\"},\"thumbnailUrl\":\"https:\/\/lafabrique621.com\/wp-content\/uploads\/2023\/11\/94citoyens.webp\",\"keywords\":[\"OnParleDeNous\",\"Revue de presse\"],\"articleSection\":[\"OnParleDeNous\",\"Revue de presse\"],\"inLanguage\":\"en-GB\",\"potentialAction\":[{\"@type\":\"CommentAction\",\"name\":\"Comment\",\"target\":[\"https:\/\/lafabrique621.com\/en\/les-secrets-de-la-reussite-selon-la-fondatrice-de-la-fabrique-621\/#respond\"]}]},{\"@type\":\"WebPage\",\"@id\":\"https:\/\/lafabrique621.com\/en\/les-secrets-de-la-reussite-selon-la-fondatrice-de-la-fabrique-621\/\",\"url\":\"https:\/\/lafabrique621.com\/en\/les-secrets-de-la-reussite-selon-la-fondatrice-de-la-fabrique-621\/\",\"name\":\"Les secrets de la r\u00e9ussite selon la Fondatrice de la Fabrique 621 - lafabrique621\",\"isPartOf\":{\"@id\":\"https:\/\/lafabrique621.com\/en\/#website\"},\"primaryImageOfPage\":{\"@id\":\"https:\/\/lafabrique621.com\/en\/les-secrets-de-la-reussite-selon-la-fondatrice-de-la-fabrique-621\/#primaryimage\"},\"image\":{\"@id\":\"https:\/\/lafabrique621.com\/en\/les-secrets-de-la-reussite-selon-la-fondatrice-de-la-fabrique-621\/#primaryimage\"},\"thumbnailUrl\":\"https:\/\/lafabrique621.com\/wp-content\/uploads\/2023\/11\/94citoyens.webp\",\"datePublished\":\"2023-09-28T14:30:00+00:00\",\"dateModified\":\"2023-12-15T11:59:05+00:00\",\"breadcrumb\":{\"@id\":\"https:\/\/lafabrique621.com\/en\/les-secrets-de-la-reussite-selon-la-fondatrice-de-la-fabrique-621\/#breadcrumb\"},\"inLanguage\":\"en-GB\",\"potentialAction\":[{\"@type\":\"ReadAction\",\"target\":[\"https:\/\/lafabrique621.com\/en\/les-secrets-de-la-reussite-selon-la-fondatrice-de-la-fabrique-621\/\"]}]},{\"@type\":\"ImageObject\",\"inLanguage\":\"en-GB\",\"@id\":\"https:\/\/lafabrique621.com\/en\/les-secrets-de-la-reussite-selon-la-fondatrice-de-la-fabrique-621\/#primaryimage\",\"url\":\"https:\/\/lafabrique621.com\/wp-content\/uploads\/2023\/11\/94citoyens.webp\",\"contentUrl\":\"https:\/\/lafabrique621.com\/wp-content\/uploads\/2023\/11\/94citoyens.webp\",\"width\":225,\"height\":225},{\"@type\":\"BreadcrumbList\",\"@id\":\"https:\/\/lafabrique621.com\/en\/les-secrets-de-la-reussite-selon-la-fondatrice-de-la-fabrique-621\/#breadcrumb\",\"itemListElement\":[{\"@type\":\"ListItem\",\"position\":1,\"name\":\"Accueil\",\"item\":\"https:\/\/lafabrique621.com\/en\/\"},{\"@type\":\"ListItem\",\"position\":2,\"name\":\"Les secrets de la r\u00e9ussite selon la Fondatrice de la Fabrique 621\"}]},{\"@type\":\"WebSite\",\"@id\":\"https:\/\/lafabrique621.com\/en\/#website\",\"url\":\"https:\/\/lafabrique621.com\/en\/\",\"name\":\"lafabrique621\",\"description\":\"\",\"publisher\":{\"@id\":\"https:\/\/lafabrique621.com\/en\/#organization\"},\"potentialAction\":[{\"@type\":\"SearchAction\",\"target\":{\"@type\":\"EntryPoint\",\"urlTemplate\":\"https:\/\/lafabrique621.com\/en\/?s={search_term_string}\"},\"query-input\":{\"@type\":\"PropertyValueSpecification\",\"valueRequired\":true,\"valueName\":\"search_term_string\"}}],\"inLanguage\":\"en-GB\"},{\"@type\":\"Organization\",\"@id\":\"https:\/\/lafabrique621.com\/en\/#organization\",\"name\":\"lafabrique621\",\"url\":\"https:\/\/lafabrique621.com\/en\/\",\"logo\":{\"@type\":\"ImageObject\",\"inLanguage\":\"en-GB\",\"@id\":\"https:\/\/lafabrique621.com\/en\/#\/schema\/logo\/image\/\",\"url\":\"https:\/\/lafabrique621.com\/wp-content\/uploads\/2023\/11\/cropped-fab621_logo-noir.png\",\"contentUrl\":\"https:\/\/lafabrique621.com\/wp-content\/uploads\/2023\/11\/cropped-fab621_logo-noir.png\",\"width\":4439,\"height\":775,\"caption\":\"lafabrique621\"},\"image\":{\"@id\":\"https:\/\/lafabrique621.com\/en\/#\/schema\/logo\/image\/\"},\"sameAs\":[\"https:\/\/www.facebook.com\/fab621\",\"https:\/\/www.instagram.com\/la.fabrique.621_officiel\/\",\"https:\/\/www.linkedin.com\/company\/fab621\"]},{\"@type\":\"Person\",\"@id\":\"https:\/\/lafabrique621.com\/en\/#\/schema\/person\/f10650586c29ba1013dbdf19bc7e1199\",\"name\":\"lafabrique621\",\"image\":{\"@type\":\"ImageObject\",\"inLanguage\":\"en-GB\",\"@id\":\"https:\/\/lafabrique621.com\/en\/#\/schema\/person\/image\/\",\"url\":\"https:\/\/secure.gravatar.com\/avatar\/899b8b7ab8490e57dbb941c9208b93fad8e67a49d6bdbe8ef8f6cf82002cc256?s=96&d=mm&r=g\",\"contentUrl\":\"https:\/\/secure.gravatar.com\/avatar\/899b8b7ab8490e57dbb941c9208b93fad8e67a49d6bdbe8ef8f6cf82002cc256?s=96&d=mm&r=g\",\"caption\":\"lafabrique621\"},\"sameAs\":[\"https:\/\/lafabrique621.com\"],\"url\":\"https:\/\/lafabrique621.com\/en\/author\/lafabrique621\/\"}]}<\/script>\n<!-- \/ Yoast SEO Premium plugin. -->","yoast_head_json":{"title":"Les secrets de la r\u00e9ussite selon la Fondatrice de la Fabrique 621 - lafabrique621","robots":{"index":"index","follow":"follow","max-snippet":"max-snippet:-1","max-image-preview":"max-image-preview:large","max-video-preview":"max-video-preview:-1"},"canonical":"https:\/\/lafabrique621.com\/en\/les-secrets-de-la-reussite-selon-la-fondatrice-de-la-fabrique-621\/","og_locale":"en_GB","og_type":"article","og_title":"Les secrets de la r\u00e9ussite selon la Fondatrice de la Fabrique 621","og_description":"Rien ne pr\u00e9destinait Diougou Dram\u00e9 \u00e0 entreprendre dans la cosm\u00e9tique naturelle. La jeune femme a travaill\u00e9 pendant plus de dix ans en strat\u00e9gie financi\u00e8re avant de se reconvertir. C\u2019est la naissance de sa premi\u00e8re fille, en 2012, qui va tout changer. \u201cJ\u2019ai pris conscience de ma consommation de produits de soin et d\u2019hygi\u00e8ne. Je ne [&hellip;]","og_url":"https:\/\/lafabrique621.com\/en\/les-secrets-de-la-reussite-selon-la-fondatrice-de-la-fabrique-621\/","og_site_name":"lafabrique621","article_publisher":"https:\/\/www.facebook.com\/fab621","article_published_time":"2023-09-28T14:30:00+00:00","article_modified_time":"2023-12-15T11:59:05+00:00","og_image":[{"width":225,"height":225,"url":"https:\/\/lafabrique621.com\/wp-content\/uploads\/2023\/11\/94citoyens.webp","type":"image\/webp"}],"author":"lafabrique621","twitter_card":"summary_large_image","twitter_misc":{"Written by":"lafabrique621","Estimated reading time":"1 minute"},"schema":{"@context":"https:\/\/schema.org","@graph":[{"@type":"Article","@id":"https:\/\/lafabrique621.com\/en\/les-secrets-de-la-reussite-selon-la-fondatrice-de-la-fabrique-621\/#article","isPartOf":{"@id":"https:\/\/lafabrique621.com\/en\/les-secrets-de-la-reussite-selon-la-fondatrice-de-la-fabrique-621\/"},"author":{"name":"lafabrique621","@id":"https:\/\/lafabrique621.com\/en\/#\/schema\/person\/f10650586c29ba1013dbdf19bc7e1199"},"headline":"Les secrets de la r\u00e9ussite selon la Fondatrice de la Fabrique 621","datePublished":"2023-09-28T14:30:00+00:00","dateModified":"2023-12-15T11:59:05+00:00","mainEntityOfPage":{"@id":"https:\/\/lafabrique621.com\/en\/les-secrets-de-la-reussite-selon-la-fondatrice-de-la-fabrique-621\/"},"wordCount":115,"commentCount":0,"publisher":{"@id":"https:\/\/lafabrique621.com\/en\/#organization"},"image":{"@id":"https:\/\/lafabrique621.com\/en\/les-secrets-de-la-reussite-selon-la-fondatrice-de-la-fabrique-621\/#primaryimage"},"thumbnailUrl":"https:\/\/lafabrique621.com\/wp-content\/uploads\/2023\/11\/94citoyens.webp","keywords":["OnParleDeNous","Revue de presse"],"articleSection":["OnParleDeNous","Revue de presse"],"inLanguage":"en-GB","potentialAction":[{"@type":"CommentAction","name":"Comment","target":["https:\/\/lafabrique621.com\/en\/les-secrets-de-la-reussite-selon-la-fondatrice-de-la-fabrique-621\/#respond"]}]},{"@type":"WebPage","@id":"https:\/\/lafabrique621.com\/en\/les-secrets-de-la-reussite-selon-la-fondatrice-de-la-fabrique-621\/","url":"https:\/\/lafabrique621.com\/en\/les-secrets-de-la-reussite-selon-la-fondatrice-de-la-fabrique-621\/","name":"Les secrets de la r\u00e9ussite selon la Fondatrice de la Fabrique 621 - lafabrique621","isPartOf":{"@id":"https:\/\/lafabrique621.com\/en\/#website"},"primaryImageOfPage":{"@id":"https:\/\/lafabrique621.com\/en\/les-secrets-de-la-reussite-selon-la-fondatrice-de-la-fabrique-621\/#primaryimage"},"image":{"@id":"https:\/\/lafabrique621.com\/en\/les-secrets-de-la-reussite-selon-la-fondatrice-de-la-fabrique-621\/#primaryimage"},"thumbnailUrl":"https:\/\/lafabrique621.com\/wp-content\/uploads\/2023\/11\/94citoyens.webp","datePublished":"2023-09-28T14:30:00+00:00","dateModified":"2023-12-15T11:59:05+00:00","breadcrumb":{"@id":"https:\/\/lafabrique621.com\/en\/les-secrets-de-la-reussite-selon-la-fondatrice-de-la-fabrique-621\/#breadcrumb"},"inLanguage":"en-GB","potentialAction":[{"@type":"ReadAction","target":["https:\/\/lafabrique621.com\/en\/les-secrets-de-la-reussite-selon-la-fondatrice-de-la-fabrique-621\/"]}]},{"@type":"ImageObject","inLanguage":"en-GB","@id":"https:\/\/lafabrique621.com\/en\/les-secrets-de-la-reussite-selon-la-fondatrice-de-la-fabrique-621\/#primaryimage","url":"https:\/\/lafabrique621.com\/wp-content\/uploads\/2023\/11\/94citoyens.webp","contentUrl":"https:\/\/lafabrique621.com\/wp-content\/uploads\/2023\/11\/94citoyens.webp","width":225,"height":225},{"@type":"BreadcrumbList","@id":"https:\/\/lafabrique621.com\/en\/les-secrets-de-la-reussite-selon-la-fondatrice-de-la-fabrique-621\/#breadcrumb","itemListElement":[{"@type":"ListItem","position":1,"name":"Accueil","item":"https:\/\/lafabrique621.com\/en\/"},{"@type":"ListItem","position":2,"name":"Les secrets de la r\u00e9ussite selon la Fondatrice de la Fabrique 621"}]},{"@type":"WebSite","@id":"https:\/\/lafabrique621.com\/en\/#website","url":"https:\/\/lafabrique621.com\/en\/","name":"lafabrique621","description":"","publisher":{"@id":"https:\/\/lafabrique621.com\/en\/#organization"},"potentialAction":[{"@type":"SearchAction","target":{"@type":"EntryPoint","urlTemplate":"https:\/\/lafabrique621.com\/en\/?s={search_term_string}"},"query-input":{"@type":"PropertyValueSpecification","valueRequired":true,"valueName":"search_term_string"}}],"inLanguage":"en-GB"},{"@type":"Organization","@id":"https:\/\/lafabrique621.com\/en\/#organization","name":"lafabrique621","url":"https:\/\/lafabrique621.com\/en\/","logo":{"@type":"ImageObject","inLanguage":"en-GB","@id":"https:\/\/lafabrique621.com\/en\/#\/schema\/logo\/image\/","url":"https:\/\/lafabrique621.com\/wp-content\/uploads\/2023\/11\/cropped-fab621_logo-noir.png","contentUrl":"https:\/\/lafabrique621.com\/wp-content\/uploads\/2023\/11\/cropped-fab621_logo-noir.png","width":4439,"height":775,"caption":"lafabrique621"},"image":{"@id":"https:\/\/lafabrique621.com\/en\/#\/schema\/logo\/image\/"},"sameAs":["https:\/\/www.facebook.com\/fab621","https:\/\/www.instagram.com\/la.fabrique.621_officiel\/","https:\/\/www.linkedin.com\/company\/fab621"]},{"@type":"Person","@id":"https:\/\/lafabrique621.com\/en\/#\/schema\/person\/f10650586c29ba1013dbdf19bc7e1199","name":"lafabrique621","image":{"@type":"ImageObject","inLanguage":"en-GB","@id":"https:\/\/lafabrique621.com\/en\/#\/schema\/person\/image\/","url":"https:\/\/secure.gravatar.com\/avatar\/899b8b7ab8490e57dbb941c9208b93fad8e67a49d6bdbe8ef8f6cf82002cc256?s=96&d=mm&r=g","contentUrl":"https:\/\/secure.gravatar.com\/avatar\/899b8b7ab8490e57dbb941c9208b93fad8e67a49d6bdbe8ef8f6cf82002cc256?s=96&d=mm&r=g","caption":"lafabrique621"},"sameAs":["https:\/\/lafabrique621.com"],"url":"https:\/\/lafabrique621.com\/en\/author\/lafabrique621\/"}]}},"jetpack_sharing_enabled":true,"jetpack_featured_media_url":"https:\/\/lafabrique621.com\/wp-content\/uploads\/2023\/11\/94citoyens.webp","_links":{"self":[{"href":"https:\/\/lafabrique621.com\/en\/wp-json\/wp\/v2\/posts\/7146","targetHints":{"allow":["GET"]}}],"collection":[{"href":"https:\/\/lafabrique621.com\/en\/wp-json\/wp\/v2\/posts"}],"about":[{"href":"https:\/\/lafabrique621.com\/en\/wp-json\/wp\/v2\/types\/post"}],"author":[{"embeddable":true,"href":"https:\/\/lafabrique621.com\/en\/wp-json\/wp\/v2\/users\/1"}],"replies":[{"embeddable":true,"href":"https:\/\/lafabrique621.com\/en\/wp-json\/wp\/v2\/comments?post=7146"}],"version-history":[{"count":10,"href":"https:\/\/lafabrique621.com\/en\/wp-json\/wp\/v2\/posts\/7146\/revisions"}],"predecessor-version":[{"id":8540,"href":"https:\/\/lafabrique621.com\/en\/wp-json\/wp\/v2\/posts\/7146\/revisions\/8540"}],"wp:featuredmedia":[{"embeddable":true,"href":"https:\/\/lafabrique621.com\/en\/wp-json\/wp\/v2\/media\/7147"}],"wp:attachment":[{"href":"https:\/\/lafabrique621.com\/en\/wp-json\/wp\/v2\/media?parent=7146"}],"wp:term":[{"taxonomy":"category","embeddable":true,"href":"https:\/\/lafabrique621.com\/en\/wp-json\/wp\/v2\/categories?post=7146"},{"taxonomy":"post_tag","embeddable":true,"href":"https:\/\/lafabrique621.com\/en\/wp-json\/wp\/v2\/tags?post=7146"}],"curies":[{"name":"wp","href":"https:\/\/api.w.org\/{rel}","templated":true}]}}